{"id":14,"date":"2015-10-28T22:50:33","date_gmt":"2015-10-28T21:50:33","guid":{"rendered":"http:\/\/gorreana.vvf-medienconzepte-gmbh.de\/?p=14"},"modified":"2016-02-01T18:40:24","modified_gmt":"2016-02-01T17:40:24","slug":"azorentee-cha-gorreana-ein-spitzenprodukt-aus-europa","status":"publish","type":"post","link":"https:\/\/gorreana.de\/en\/azorentee-cha-gorreana-ein-spitzenprodukt-aus-europa\/","title":{"rendered":"Azorean Tea Ch\u00e1 Gorreana \u2212 a top-quality product made in Europe!"},"content":{"rendered":"<b>Pure and mild with a fine natural flavour. Carefully produced, following the experience of over 125 years of successful tea growing. We import our tea originally packed, directly from the Ch\u00e1 Gorreana plantation in S\u00e3o Miguel and we keep personal contact to the owner family. Ch\u00e1 Gorreana is available as black tea or green tea in different varieties:<\/b><\/p>\n<p><a href=\"http:\/\/gorreana.vvf-medienconzepte-gmbh.de\/wp-content\/uploads\/2015\/10\/Seite01_en.gif\"><img loading=\"lazy\" decoding=\"async\" class=\"aligncenter wp-image-16 size-full\" src=\"http:\/\/gorreana.vvf-medienconzepte-gmbh.de\/wp-content\/uploads\/2015\/10\/Seite01_en.gif\" alt=\"\" width=\"830\" height=\"786\" \/><\/a>","protected":false},"excerpt":{"rendered":"<p>Pure and mild with a fine natural flavour. Carefully produced, following the experience of over 125 years of successful tea growing. We import our tea originally packed, directly from the Ch\u00e1 Gorreana plantation in S\u00e3o Miguel and we keep personal &hellip; <a href=\"https:\/\/gorreana.de\/en\/azorentee-cha-gorreana-ein-spitzenprodukt-aus-europa\/\">Continued<\/a><\/p>\n","protected":false},"author":1,"featured_media":0,"comment_status":"closed","ping_status":"closed","sticky":false,"template":"","format":"standard","meta":{"footnotes":""},"categories":[1],"tags":[21,22,18,24,23],"class_list":["post-14","post","type-post","status-publish","format-standard","hentry","category-allgemein","tag-azoren","tag-cha","tag-gorreana","tag-teehandel","tag-teeladen"],"_links":{"self":[{"href":"https:\/\/gorreana.de\/en\/wp-json\/wp\/v2\/posts\/14","targetHints":{"allow":["GET"]}}],"collection":[{"href":"https:\/\/gorreana.de\/en\/wp-json\/wp\/v2\/posts"}],"about":[{"href":"https:\/\/gorreana.de\/en\/wp-json\/wp\/v2\/types\/post"}],"author":[{"embeddable":true,"href":"https:\/\/gorreana.de\/en\/wp-json\/wp\/v2\/users\/1"}],"replies":[{"embeddable":true,"href":"https:\/\/gorreana.de\/en\/wp-json\/wp\/v2\/comments?post=14"}],"version-history":[{"count":20,"href":"https:\/\/gorreana.de\/en\/wp-json\/wp\/v2\/posts\/14\/revisions"}],"predecessor-version":[{"id":360,"href":"https:\/\/gorreana.de\/en\/wp-json\/wp\/v2\/posts\/14\/revisions\/360"}],"wp:attachment":[{"href":"https:\/\/gorreana.de\/en\/wp-json\/wp\/v2\/media?parent=14"}],"wp:term":[{"taxonomy":"category","embeddable":true,"href":"https:\/\/gorreana.de\/en\/wp-json\/wp\/v2\/categories?post=14"},{"taxonomy":"post_tag","embeddable":true,"href":"https:\/\/gorreana.de\/en\/wp-json\/wp\/v2\/tags?post=14"}],"curies":[{"name":"wp","href":"https:\/\/api.w.org\/{rel}","templated":true}]}}